{"id":1432,"date":"2017-03-31T09:05:23","date_gmt":"2017-03-31T08:05:23","guid":{"rendered":"http:\/\/www.sfpt.fr\/hyperspectral\/?p=1432"},"modified":"2017-04-03T09:50:21","modified_gmt":"2017-04-03T08:50:21","slug":"programme-du-5eme-colloque-scientifique-sfpt-gh-9-au-11-mai-2017-ifremer-brest","status":"publish","type":"post","link":"https:\/\/www.sfpt.fr\/hyperspectral\/?p=1432","title":{"rendered":"Programme du 5\u00e8me colloque scientifique SFPT-GH \u2013 9 au 11 mai 2017, IFREMER Brest"},"content":{"rendered":"<p style=\"text-align: justify;\">Le programme du 5\u00e8me colloque scientifique du groupe th\u00e9matique hyperspectral de la SFPT (SFPT-GH) qui se tiendra \u00e0 l\u2019Ifremer Brest du 9 au 11 mai 2017 est maintenant disponible.<\/p>\n<p style=\"text-align: justify;\">Vous pouvez le t\u00e9l\u00e9charger <a href=\"http:\/\/www.sfpt.fr\/hyperspectral\/wp-content\/uploads\/2017\/04\/SFPT-GH_2017_Programme_VF.pdf\" target=\"_blank\">ici<\/a>.<\/p>\n<p style=\"text-align: justify;\">Pour vous inscrire,\u00a0 nous vous\u00a0 invitons \u00e0 utiliser d\u00e8s \u00e0 pr\u00e9sent le lien ci-dessous :<br \/>\n<a href=\"http:\/\/forms.ifremer.fr\/dyneco-lebco\/inscription-au-5eme-colloque-du-groupe-hyperspectral\/\" target=\"_blank\">http:\/\/forms.ifremer.fr\/dyneco-lebco\/inscription-au-5eme-colloque-du-groupe-hyperspectral\/<\/a><\/p>\n<p style=\"text-align: justify;\">L\u2019inscription est\u00a0gratuite mais obligatoire pour participer au colloque. Retrouvez toutes les informations sur la page d\u00e9di\u00e9e :<\/p>\n<p style=\"text-align: justify;\"><a href=\"http:\/\/www.sfpt.fr\/hyperspectral\/?page_id=1400\" target=\"_blank\">http:\/\/www.sfpt.fr\/hyperspectral\/?page_id=1400<br \/>\n<\/a><\/p>\n<p style=\"text-align: justify;\">Le comit\u00e9 d\u2019organisation<\/p>\n","protected":false},"excerpt":{"rendered":"<p>Le programme du 5\u00e8me colloque scientifique du groupe th\u00e9matique hyperspectral de la SFPT (SFPT-GH) qui se tiendra \u00e0 l\u2019Ifremer Brest du 9 au 11 mai 2017 est maintenant disponible. Vous pouvez le t\u00e9l\u00e9charger ici. Pour vous inscrire,\u00a0 nous vous\u00a0 invitons \u00e0 utiliser d\u00e8s \u00e0 pr\u00e9sent le lien ci-dessous : http:\/\/forms.ifremer.fr\/dyneco-lebco\/inscription-au-5eme-colloque-du-groupe-hyperspectral\/ L\u2019inscription est\u00a0gratuite mais obligatoire pour &hellip; <\/p>\n<p class=\"link-more\"><a href=\"https:\/\/www.sfpt.fr\/hyperspectral\/?p=1432\" class=\"more-link\">Continuer la lecture<span class=\"screen-reader-text\"> de &laquo;&nbsp;Programme du 5\u00e8me colloque scientifique SFPT-GH \u2013 9 au 11 mai 2017, IFREMER Brest&nbsp;&raquo;<\/span><\/a><\/p>\n","protected":false},"author":1,"featured_media":0,"comment_status":"closed","ping_status":"open","sticky":false,"template":"","format":"standard","meta":{"_s2mail":"yes","footnotes":""},"categories":[4],"tags":[],"class_list":["post-1432","post","type-post","status-publish","format-standard","hentry","category-annonces"],"_links":{"self":[{"href":"https:\/\/www.sfpt.fr\/hyperspectral\/index.php?rest_route=\/wp\/v2\/posts\/1432","targetHints":{"allow":["GET"]}}],"collection":[{"href":"https:\/\/www.sfpt.fr\/hyperspectral\/index.php?rest_route=\/wp\/v2\/posts"}],"about":[{"href":"https:\/\/www.sfpt.fr\/hyperspectral\/index.php?rest_route=\/wp\/v2\/types\/post"}],"author":[{"embeddable":true,"href":"https:\/\/www.sfpt.fr\/hyperspectral\/index.php?rest_route=\/wp\/v2\/users\/1"}],"replies":[{"embeddable":true,"href":"https:\/\/www.sfpt.fr\/hyperspectral\/index.php?rest_route=%2Fwp%2Fv2%2Fcomments&post=1432"}],"version-history":[{"count":4,"href":"https:\/\/www.sfpt.fr\/hyperspectral\/index.php?rest_route=\/wp\/v2\/posts\/1432\/revisions"}],"predecessor-version":[{"id":1434,"href":"https:\/\/www.sfpt.fr\/hyperspectral\/index.php?rest_route=\/wp\/v2\/posts\/1432\/revisions\/1434"}],"wp:attachment":[{"href":"https:\/\/www.sfpt.fr\/hyperspectral\/index.php?rest_route=%2Fwp%2Fv2%2Fmedia&parent=1432"}],"wp:term":[{"taxonomy":"category","embeddable":true,"href":"https:\/\/www.sfpt.fr\/hyperspectral\/index.php?rest_route=%2Fwp%2Fv2%2Fcategories&post=1432"},{"taxonomy":"post_tag","embeddable":true,"href":"https:\/\/www.sfpt.fr\/hyperspectral\/index.php?rest_route=%2Fwp%2Fv2%2Ftags&post=1432"}],"curies":[{"name":"wp","href":"https:\/\/api.w.org\/{rel}","templated":true}]}}