{"id":1641,"date":"2019-01-14T11:42:27","date_gmt":"2019-01-14T10:42:27","guid":{"rendered":"http:\/\/www.sfpt.fr\/hyperspectral\/?p=1641"},"modified":"2019-01-14T16:25:05","modified_gmt":"2019-01-14T15:25:05","slug":"7eme-colloque-scientifique-du-groupe-sfpt-gh-toulouse-9-10-juillet-2019","status":"publish","type":"post","link":"https:\/\/www.sfpt.fr\/hyperspectral\/?p=1641","title":{"rendered":"7\u00e8me colloque scientifique du groupe SFPT-GH, Toulouse 9-10 juillet 2019"},"content":{"rendered":"\n<p>Le Groupe Hyperspectral de la Soci\u00e9t\u00e9\nFran\u00e7aise de Photogramm\u00e9trie et de T\u00e9l\u00e9d\u00e9tection (SFPT-GH) a pour but de\nf\u00e9d\u00e9rer la communaut\u00e9 hyperspectrale fran\u00e7aise, d\u2019assurer sa visibilit\u00e9 sur le\nplan international et de faciliter les \u00e9changes scientifiques. Les pr\u00e9c\u00e9dentes\n\u00e9ditions du colloque organis\u00e9es par ce groupe se sont tenues \u00e0 Paris, Toulouse,\nPorquerolles, Grenoble, Brest et Montpellier, et ont r\u00e9uni plus de 80\nparticipants.<\/p>\n\n\n\n<p>Le 7\u00e8me colloque scientifique du groupe\nSFPT-GH aura lieu \u00e0 Toulouse les 9 et 10 juillet 2019 dans les locaux de\nl\u2019\u00e9cole d\u2019ing\u00e9nieur INP-ENSEEIHT situ\u00e9 en centre-ville. Il abordera les\navanc\u00e9es les plus r\u00e9centes dans le domaine hyperspectral sur des domaines\nd\u2019application aussi vari\u00e9s que les g\u00e9osciences, la v\u00e9g\u00e9tation, les milieux\nlittoraux et urbains, l\u2019atmosph\u00e8re, la plan\u00e9tologie, l\u2019instrumentation et les\nm\u00e9thodes de traitement.<\/p>\n\n\n\n<p>Les participants sont amen\u00e9s \u00e0 pr\u00e9senter leurs\ntravaux sous forme de pr\u00e9sentation orale (15-20 minutes avec questions) ou de poster.\nUn espace sera d\u00e9di\u00e9 aux professionnels souhaitant exposer leurs produits et\nsolutions.<\/p>\n\n\n\n<p style=\"text-align:center\"><strong><em>Frais d\u2019inscription<\/em><\/strong><\/p>\n\n\n\n<p>Les frais d\u2019inscription \u00e0 ce colloque seront\nde 100\u20ac pour les chercheurs, 60\u20ac pour les \u00e9tudiants (sur pr\u00e9sentation d\u2019un\njustificatif) et 1080\u20ac pour les exposants (stand et 1 inscription au colloque).\nIls comprendront les pauses caf\u00e9, les repas du midi et le d\u00eener du 9 juillet.<\/p>\n\n\n\n<p style=\"text-align:center\"><strong><em>D\u00e9tails pratiques<\/em><\/strong><\/p>\n\n\n\n<p>Toutes les informations pratiques se trouvent\nsur le site internet d\u00e9di\u00e9 \u00e0 l\u2019\u00e9v\u00e8nement&nbsp;:&nbsp;<a href=\"https:\/\/sfpt-gh2019.onera.fr\">https:\/\/sfpt-gh2019.onera.fr<\/a>. Un flyer du\ncolloque est \u00e9galement disponible sur le site.<\/p>\n\n\n\n<p style=\"text-align:center\"><strong><em>Dates importantes<\/em><\/strong><\/p>\n\n\n\n<p>Date limite d\u2019envoi des r\u00e9sum\u00e9s (pr\u00e9voir une\npage maximum par r\u00e9sum\u00e9): 11\/03\/2019<\/p>\n\n\n\n<p>Notification d&#8217;acceptation des r\u00e9sum\u00e9s :\n24\/04\/2019<\/p>\n\n\n\n<p>Les r\u00e9sum\u00e9s sont \u00e0 envoyer par email \u00e0 sfpt-gh2019@onera.fr.<\/p>\n\n\n\n<p> Inscriptions \u00e0 tarif pr\u00e9f\u00e9rentiel jusqu&#8217;au 1er juin 2019 <\/p>\n\n\n\n<p style=\"text-align:center\"><strong><em>Comit\u00e9 d\u2019organisation<\/em><\/strong><\/p>\n\n\n\n<p>Karine Adeline (ONERA), Nadine Barriety\n(ONERA), Nicolas Dobigeon (Toulouse INP), Mathieu Fauvel (INRA), Aur\u00e9lie Michel\n(ONERA), Laure Roupioz (ONERA) et David Sheeren (INRA &#8211; Toulouse INP).<\/p>\n\n\n\n<p style=\"text-align:center\"><strong><em>Contact<\/em><\/strong><\/p>\n\n\n\n<p>Pour toute question concernant le colloque,\nveuillez contacter Karine Adeline (karine.adeline@onera.fr).<\/p>\n","protected":false},"excerpt":{"rendered":"<p>Le Groupe Hyperspectral de la Soci\u00e9t\u00e9 Fran\u00e7aise de Photogramm\u00e9trie et de T\u00e9l\u00e9d\u00e9tection (SFPT-GH) a pour but de f\u00e9d\u00e9rer la communaut\u00e9 hyperspectrale fran\u00e7aise, d\u2019assurer sa visibilit\u00e9 sur le plan international et de faciliter les \u00e9changes scientifiques. Les pr\u00e9c\u00e9dentes \u00e9ditions du colloque organis\u00e9es par ce groupe se sont tenues \u00e0 Paris, Toulouse, Porquerolles, Grenoble, Brest et Montpellier, &hellip; <\/p>\n<p class=\"link-more\"><a href=\"https:\/\/www.sfpt.fr\/hyperspectral\/?p=1641\" class=\"more-link\">Continuer la lecture<span class=\"screen-reader-text\"> de &laquo;&nbsp;7\u00e8me colloque scientifique du groupe SFPT-GH, Toulouse 9-10 juillet 2019&nbsp;&raquo;<\/span><\/a><\/p>\n","protected":false},"author":1,"featured_media":0,"comment_status":"closed","ping_status":"open","sticky":false,"template":"","format":"standard","meta":{"_s2mail":"yes","footnotes":""},"categories":[1],"tags":[],"class_list":["post-1641","post","type-post","status-publish","format-standard","hentry","category-non-classe"],"_links":{"self":[{"href":"https:\/\/www.sfpt.fr\/hyperspectral\/index.php?rest_route=\/wp\/v2\/posts\/1641","targetHints":{"allow":["GET"]}}],"collection":[{"href":"https:\/\/www.sfpt.fr\/hyperspectral\/index.php?rest_route=\/wp\/v2\/posts"}],"about":[{"href":"https:\/\/www.sfpt.fr\/hyperspectral\/index.php?rest_route=\/wp\/v2\/types\/post"}],"author":[{"embeddable":true,"href":"https:\/\/www.sfpt.fr\/hyperspectral\/index.php?rest_route=\/wp\/v2\/users\/1"}],"replies":[{"embeddable":true,"href":"https:\/\/www.sfpt.fr\/hyperspectral\/index.php?rest_route=%2Fwp%2Fv2%2Fcomments&post=1641"}],"version-history":[{"count":2,"href":"https:\/\/www.sfpt.fr\/hyperspectral\/index.php?rest_route=\/wp\/v2\/posts\/1641\/revisions"}],"predecessor-version":[{"id":1645,"href":"https:\/\/www.sfpt.fr\/hyperspectral\/index.php?rest_route=\/wp\/v2\/posts\/1641\/revisions\/1645"}],"wp:attachment":[{"href":"https:\/\/www.sfpt.fr\/hyperspectral\/index.php?rest_route=%2Fwp%2Fv2%2Fmedia&parent=1641"}],"wp:term":[{"taxonomy":"category","embeddable":true,"href":"https:\/\/www.sfpt.fr\/hyperspectral\/index.php?rest_route=%2Fwp%2Fv2%2Fcategories&post=1641"},{"taxonomy":"post_tag","embeddable":true,"href":"https:\/\/www.sfpt.fr\/hyperspectral\/index.php?rest_route=%2Fwp%2Fv2%2Ftags&post=1641"}],"curies":[{"name":"wp","href":"https:\/\/api.w.org\/{rel}","templated":true}]}}