{"id":1895,"date":"2023-03-23T15:26:42","date_gmt":"2023-03-23T14:26:42","guid":{"rendered":"https:\/\/www.sfpt.fr\/hyperspectral\/?p=1895"},"modified":"2023-03-23T15:26:42","modified_gmt":"2023-03-23T14:26:42","slug":"8e-colloque-de-la-sfpt-gh-envoi-des-resumes-avant-le-dimanche-16-avril","status":"publish","type":"post","link":"https:\/\/www.sfpt.fr\/hyperspectral\/?p=1895","title":{"rendered":"8e colloque de la SFPT-GH: envoi des r\u00e9sum\u00e9s avant le dimanche 16 avril"},"content":{"rendered":"\n<p>Bonjour,<\/p>\n\n\n\n<p>la date limite d&#8217;envoi des r\u00e9sum\u00e9s pour participer au 8e colloque du groupe hyperspectral de la SFPT est prolong\u00e9e.<\/p>\n\n\n\n<div class=\"wp-block-group is-vertical is-layout-flex wp-container-core-group-is-layout-8cf370e7 wp-block-group-is-layout-flex\">\n<p><strong>R\u00e9sum\u00e9s <strong>\u00e0 <\/strong>envoyer \u00e0 <a href=\"mailto:colloque_hyperspectral@sfpt.fr\">colloque_hyperspectral@sfpt.fr<\/a> avant le 16\/04\/2023<\/strong><\/p>\n\n\n\n<p><strong>Avis d\u2019acceptation des r\u00e9sum\u00e9s : 15\/05\/2023<\/strong><\/p>\n\n\n\n<p><strong>Date limite d\u2019inscription : 15\/06\/2023<\/strong><\/p>\n\n\n\n<p><strong>Le colloque se d\u00e9roulera les 5 et 6 juillet 2023 \u00e0 Paris.<\/strong><\/p>\n\n\n\n<p><\/p>\n\n\n\n<p>Un template est disponible <a href=\"http:\/\/www.sfpt.fr\/hyperspectral\/wp-content\/uploads\/2023\/03\/modele_abstract_GH_SFPT_2023_v2.docx\">ici<\/a> pour les r\u00e9sum\u00e9s.<\/p>\n<\/div>\n\n\n\n<p>Les inscriptions sont \u00e0 faire depuis <a href=\"http:\/\/www.sfpt.fr\/inscription-au-8eme-colloque-du-groupe-hyperspectral-de-la-sfpt\/\">cette page<\/a>.<\/p>\n\n\n\n<p>Le comit\u00e9 d&#8217;organisation<\/p>\n","protected":false},"excerpt":{"rendered":"<p>Bonjour, la date limite d&#8217;envoi des r\u00e9sum\u00e9s pour participer au 8e colloque du groupe hyperspectral de la SFPT est prolong\u00e9e. R\u00e9sum\u00e9s \u00e0 envoyer \u00e0 colloque_hyperspectral@sfpt.fr avant le 16\/04\/2023 Avis d\u2019acceptation des r\u00e9sum\u00e9s : 15\/05\/2023 Date limite d\u2019inscription : 15\/06\/2023 Le colloque se d\u00e9roulera les 5 et 6 juillet 2023 \u00e0 Paris. Un template est disponible &hellip; <\/p>\n<p class=\"link-more\"><a href=\"https:\/\/www.sfpt.fr\/hyperspectral\/?p=1895\" class=\"more-link\">Continuer la lecture<span class=\"screen-reader-text\"> de &laquo;&nbsp;8e colloque de la SFPT-GH: envoi des r\u00e9sum\u00e9s avant le dimanche 16 avril&nbsp;&raquo;<\/span><\/a><\/p>\n","protected":false},"author":1,"featured_media":0,"comment_status":"closed","ping_status":"open","sticky":false,"template":"","format":"standard","meta":{"_s2mail":"","footnotes":""},"categories":[1],"tags":[],"class_list":["post-1895","post","type-post","status-publish","format-standard","hentry","category-non-classe"],"_links":{"self":[{"href":"https:\/\/www.sfpt.fr\/hyperspectral\/index.php?rest_route=\/wp\/v2\/posts\/1895","targetHints":{"allow":["GET"]}}],"collection":[{"href":"https:\/\/www.sfpt.fr\/hyperspectral\/index.php?rest_route=\/wp\/v2\/posts"}],"about":[{"href":"https:\/\/www.sfpt.fr\/hyperspectral\/index.php?rest_route=\/wp\/v2\/types\/post"}],"author":[{"embeddable":true,"href":"https:\/\/www.sfpt.fr\/hyperspectral\/index.php?rest_route=\/wp\/v2\/users\/1"}],"replies":[{"embeddable":true,"href":"https:\/\/www.sfpt.fr\/hyperspectral\/index.php?rest_route=%2Fwp%2Fv2%2Fcomments&post=1895"}],"version-history":[{"count":2,"href":"https:\/\/www.sfpt.fr\/hyperspectral\/index.php?rest_route=\/wp\/v2\/posts\/1895\/revisions"}],"predecessor-version":[{"id":1897,"href":"https:\/\/www.sfpt.fr\/hyperspectral\/index.php?rest_route=\/wp\/v2\/posts\/1895\/revisions\/1897"}],"wp:attachment":[{"href":"https:\/\/www.sfpt.fr\/hyperspectral\/index.php?rest_route=%2Fwp%2Fv2%2Fmedia&parent=1895"}],"wp:term":[{"taxonomy":"category","embeddable":true,"href":"https:\/\/www.sfpt.fr\/hyperspectral\/index.php?rest_route=%2Fwp%2Fv2%2Fcategories&post=1895"},{"taxonomy":"post_tag","embeddable":true,"href":"https:\/\/www.sfpt.fr\/hyperspectral\/index.php?rest_route=%2Fwp%2Fv2%2Ftags&post=1895"}],"curies":[{"name":"wp","href":"https:\/\/api.w.org\/{rel}","templated":true}]}}