{"id":2034,"date":"2023-11-08T18:30:36","date_gmt":"2023-11-08T17:30:36","guid":{"rendered":"https:\/\/www.sfpt.fr\/hyperspectral\/?p=2034"},"modified":"2023-11-08T18:30:36","modified_gmt":"2023-11-08T17:30:36","slug":"proposition-de-stage-estimation-dindicateurs-de-diversite-corallienne-par-analyse-dimage-multi-et-hypespectrale-satellite-ifremer-inrae-a-brest","status":"publish","type":"post","link":"https:\/\/www.sfpt.fr\/hyperspectral\/?p=2034","title":{"rendered":"Proposition de stage &#8216;Estimation d&#8217;indicateurs de diversit\u00e9 corallienne par analyse d\u2019image multi et hypespectrale satellite&#8217; IFREMER\/INRAE \u00e0 Brest"},"content":{"rendered":"\n<p>Un projet de stage M2 est propos\u00e9 par l&#8217;IFREMER (Brest) en collaboration avec l&#8217;UMR TETIS (INRAE, Montpellier) \u00e0 partir de Mars 2024 pour une dur\u00e9e de 6 mois.<\/p>\n<p>Ce stage s&#8217;inscrit dans le cadre du projet <a href=\"https:\/\/www.spaceclimateobservatory.org\/bioeos\">BioEOS<\/a> b\u00e9n\u00e9ficiant du label SCO (Space Climate Observatory) et soutenu par le CNES. Le projet propose de d\u00e9velopper un outil d&#8217;observation permettant de fournir des donn\u00e9es fiables et pertinentes refl\u00e9tant la variabilit\u00e9 spatio-temporelle de la biodiversit\u00e9 c\u00f4ti\u00e8re \u00e0 une large \u00e9chelle.\u00a0<\/p>\n<p>Le stage se d\u00e9roulera \u00e0 Brest. Plus d&#8217;informations et une description compl\u00e8te du stage disponibles <a href=\"http:\/\/www.sfpt.fr\/hyperspectral\/wp-content\/uploads\/2023\/11\/Offre-stage-Ifremer-INRAE.pdf\">ici<\/a>.<\/p>\n<p>\u00a0<\/p>\n","protected":false},"excerpt":{"rendered":"<p>Un projet de stage M2 est propos\u00e9 par l&#8217;IFREMER (Brest) en collaboration avec l&#8217;UMR TETIS (INRAE, Montpellier) \u00e0 partir de Mars 2024 pour une dur\u00e9e de 6 mois. Ce stage s&#8217;inscrit dans le cadre du projet BioEOS b\u00e9n\u00e9ficiant du label SCO (Space Climate Observatory) et soutenu par le CNES. Le projet propose de d\u00e9velopper un &hellip; <\/p>\n<p class=\"link-more\"><a href=\"https:\/\/www.sfpt.fr\/hyperspectral\/?p=2034\" class=\"more-link\">Continuer la lecture<span class=\"screen-reader-text\"> de &laquo;&nbsp;Proposition de stage &#8216;Estimation d&#8217;indicateurs de diversit\u00e9 corallienne par analyse d\u2019image multi et hypespectrale satellite&#8217; IFREMER\/INRAE \u00e0 Brest&nbsp;&raquo;<\/span><\/a><\/p>\n","protected":false},"author":1,"featured_media":0,"comment_status":"closed","ping_status":"open","sticky":false,"template":"","format":"standard","meta":{"_s2mail":"","footnotes":""},"categories":[1],"tags":[],"class_list":["post-2034","post","type-post","status-publish","format-standard","hentry","category-non-classe"],"_links":{"self":[{"href":"https:\/\/www.sfpt.fr\/hyperspectral\/index.php?rest_route=\/wp\/v2\/posts\/2034","targetHints":{"allow":["GET"]}}],"collection":[{"href":"https:\/\/www.sfpt.fr\/hyperspectral\/index.php?rest_route=\/wp\/v2\/posts"}],"about":[{"href":"https:\/\/www.sfpt.fr\/hyperspectral\/index.php?rest_route=\/wp\/v2\/types\/post"}],"author":[{"embeddable":true,"href":"https:\/\/www.sfpt.fr\/hyperspectral\/index.php?rest_route=\/wp\/v2\/users\/1"}],"replies":[{"embeddable":true,"href":"https:\/\/www.sfpt.fr\/hyperspectral\/index.php?rest_route=%2Fwp%2Fv2%2Fcomments&post=2034"}],"version-history":[{"count":1,"href":"https:\/\/www.sfpt.fr\/hyperspectral\/index.php?rest_route=\/wp\/v2\/posts\/2034\/revisions"}],"predecessor-version":[{"id":2035,"href":"https:\/\/www.sfpt.fr\/hyperspectral\/index.php?rest_route=\/wp\/v2\/posts\/2034\/revisions\/2035"}],"wp:attachment":[{"href":"https:\/\/www.sfpt.fr\/hyperspectral\/index.php?rest_route=%2Fwp%2Fv2%2Fmedia&parent=2034"}],"wp:term":[{"taxonomy":"category","embeddable":true,"href":"https:\/\/www.sfpt.fr\/hyperspectral\/index.php?rest_route=%2Fwp%2Fv2%2Fcategories&post=2034"},{"taxonomy":"post_tag","embeddable":true,"href":"https:\/\/www.sfpt.fr\/hyperspectral\/index.php?rest_route=%2Fwp%2Fv2%2Ftags&post=2034"}],"curies":[{"name":"wp","href":"https:\/\/api.w.org\/{rel}","templated":true}]}}