{"id":681,"date":"2013-09-26T14:42:07","date_gmt":"2013-09-26T13:42:07","guid":{"rendered":"http:\/\/www.sfpt.fr\/hyperspectral\/?p=681"},"modified":"2014-01-10T13:58:22","modified_gmt":"2014-01-10T12:58:22","slug":"annonce-du-3eme-colloque-scientifique-sfpt-gh-15-et-16-mai-2014-igesa-porquerolles","status":"publish","type":"post","link":"https:\/\/www.sfpt.fr\/hyperspectral\/?p=681","title":{"rendered":"Annonce du 3\u00e8me colloque scientifique SFPT-GH &#8211; 15 et 16 mai 2014, IGESA Porquerolles"},"content":{"rendered":"<p style=\"text-align: justify;\">Le Groupe Hyperspectral de la SFPT (SFPT-GH) a pour but de f\u00e9d\u00e9rer la communaut\u00e9 hyperspectrale fran\u00e7aise, d\u2019assurer sa visibilit\u00e9 sur le plan international et de faciliter les \u00e9changes scientifiques. Les deux premiers colloques qui se sont tenus en avril 2011 \u00e0 Paris et en juin 2012 \u00e0 Toulouse ont r\u00e9uni plus de 80 participants. Forts de ce succ\u00e8s, nous organisons les 15 et 16 mai 2014 le 3\u00e8me colloque scientifique du groupe th\u00e9matique\u00a0\u00ab Imagerie hyperspectrale \u00bb de la SFPT portant sur des th\u00e8mes aussi vari\u00e9s que les g\u00e9osciences, la v\u00e9g\u00e9tation, les milieux littoraux et urbains, l\u2019atmosph\u00e8re, la plan\u00e9tologie, l\u2019instrumentation, les m\u00e9thodes de traitement, etc.<\/p>\n<p style=\"text-align: justify;\">Ce colloque sera l\u2019opportunit\u00e9 de :<\/p>\n<ul style=\"text-align: justify;\">\n<li>partager les informations sur les avanc\u00e9es les plus r\u00e9centes dans le domaine des instruments, des m\u00e9thodes et des algorithmes d\u00e9velopp\u00e9s pour exploiter les donn\u00e9es hyperspectrales,<\/li>\n<li>pr\u00e9senter les projets nationaux et internationaux de missions spatiales,<\/li>\n<li>favoriser de nouvelles collaborations \u00e0 travers le retour d\u2019exp\u00e9rience des participants,<\/li>\n<li>f\u00e9d\u00e9rer la communaut\u00e9 nationale autour du projet HYPXIM du CNES.<\/li>\n<\/ul>\n<p style=\"text-align: justify;\">Afin de privil\u00e9gier les \u00e9changes et de donner la possibilit\u00e9 \u00e0 un maximum d\u2019organismes de venir pr\u00e9senter et partager leur exp\u00e9rience, un espace est \u00e9galement pr\u00e9vu pour l\u2019affichage de posters et l\u2019installation de stands de d\u00e9monstration.<\/p>\n<p style=\"text-align: justify;\"><strong>Aucun droit d\u2019inscription n\u2019est demand\u00e9.<\/strong><\/p>\n<p style=\"text-align: justify;\">Vous pouvez t\u00e9l\u00e9charger le <a href=\"http:\/\/www.sfpt.fr\/hyperspectral\/wp-content\/uploads\/2014\/01\/flyer_colloque_2014.pdf\" target=\"_blank\">flyer<\/a> du colloque.<\/p>\n<p style=\"text-align: justify;\">Retrouvez tous les d\u00e9tails sur la page d\u00e9di\u00e9e : <a href=\"http:\/\/www.sfpt.fr\/hyperspectral\/?page_id=589\">http:\/\/www.sfpt.fr\/hyperspectral\/?page_id=589<\/a><\/p>\n","protected":false},"excerpt":{"rendered":"<p>Le Groupe Hyperspectral de la SFPT (SFPT-GH) a pour but de f\u00e9d\u00e9rer la communaut\u00e9 hyperspectrale fran\u00e7aise, d\u2019assurer sa visibilit\u00e9 sur le plan international et de faciliter les \u00e9changes scientifiques. Les deux premiers colloques qui se sont tenus en avril 2011 \u00e0 Paris et en juin 2012 \u00e0 Toulouse ont r\u00e9uni plus de 80 participants. Forts &hellip; <\/p>\n<p class=\"link-more\"><a href=\"https:\/\/www.sfpt.fr\/hyperspectral\/?p=681\" class=\"more-link\">Continuer la lecture<span class=\"screen-reader-text\"> de &laquo;&nbsp;Annonce du 3\u00e8me colloque scientifique SFPT-GH &#8211; 15 et 16 mai 2014, IGESA Porquerolles&nbsp;&raquo;<\/span><\/a><\/p>\n","protected":false},"author":1,"featured_media":0,"comment_status":"closed","ping_status":"open","sticky":false,"template":"","format":"standard","meta":{"_s2mail":"yes","footnotes":""},"categories":[9],"tags":[],"class_list":["post-681","post","type-post","status-publish","format-standard","hentry","category-colloques"],"_links":{"self":[{"href":"https:\/\/www.sfpt.fr\/hyperspectral\/index.php?rest_route=\/wp\/v2\/posts\/681","targetHints":{"allow":["GET"]}}],"collection":[{"href":"https:\/\/www.sfpt.fr\/hyperspectral\/index.php?rest_route=\/wp\/v2\/posts"}],"about":[{"href":"https:\/\/www.sfpt.fr\/hyperspectral\/index.php?rest_route=\/wp\/v2\/types\/post"}],"author":[{"embeddable":true,"href":"https:\/\/www.sfpt.fr\/hyperspectral\/index.php?rest_route=\/wp\/v2\/users\/1"}],"replies":[{"embeddable":true,"href":"https:\/\/www.sfpt.fr\/hyperspectral\/index.php?rest_route=%2Fwp%2Fv2%2Fcomments&post=681"}],"version-history":[{"count":5,"href":"https:\/\/www.sfpt.fr\/hyperspectral\/index.php?rest_route=\/wp\/v2\/posts\/681\/revisions"}],"predecessor-version":[{"id":820,"href":"https:\/\/www.sfpt.fr\/hyperspectral\/index.php?rest_route=\/wp\/v2\/posts\/681\/revisions\/820"}],"wp:attachment":[{"href":"https:\/\/www.sfpt.fr\/hyperspectral\/index.php?rest_route=%2Fwp%2Fv2%2Fmedia&parent=681"}],"wp:term":[{"taxonomy":"category","embeddable":true,"href":"https:\/\/www.sfpt.fr\/hyperspectral\/index.php?rest_route=%2Fwp%2Fv2%2Fcategories&post=681"},{"taxonomy":"post_tag","embeddable":true,"href":"https:\/\/www.sfpt.fr\/hyperspectral\/index.php?rest_route=%2Fwp%2Fv2%2Ftags&post=681"}],"curies":[{"name":"wp","href":"https:\/\/api.w.org\/{rel}","templated":true}]}}