{"id":738,"date":"2013-10-25T14:40:34","date_gmt":"2013-10-25T13:40:34","guid":{"rendered":"http:\/\/www.sfpt.fr\/hyperspectral\/?p=738"},"modified":"2013-10-25T14:40:44","modified_gmt":"2013-10-25T13:40:44","slug":"important-changement-de-lieu-et-prolongation-dinscription-pour-la-2eme-journee-thematique-du-pnts-du-14-novembre-2013","status":"publish","type":"post","link":"https:\/\/www.sfpt.fr\/hyperspectral\/?p=738","title":{"rendered":"IMPORTANT \u2013 Changement de lieu et prolongation d\u2019inscription pour la 2\u00e8me journ\u00e9e th\u00e9matique du PNTS du 14 novembre 2013"},"content":{"rendered":"<p style=\"text-align: justify;\">Cher(e)s coll\u00e8gues,<\/p>\n<p style=\"text-align: justify;\">Comme vous le savez, le <b>Programme National de T\u00e9l\u00e9d\u00e9tection Spatiale<\/b> organise le <b>14 novembre 2013<\/b> de <b>9h \u00e0 17h30<\/b> sa 2<sup>\u00e8me<\/sup> <b>journ\u00e9e th\u00e9matique consacr\u00e9e \u00e0 \u00ab\u00a0la synergie innovante entre capteurs de t\u00e9l\u00e9d\u00e9tection spatiale\u00a0\u00bb <\/b>dans le but de favoriser les \u00e9changes entre chercheurs sur cette th\u00e9matique pluridisciplinaire prometteuse.<\/p>\n<p style=\"text-align: justify;\">Veuillez noter que celle-ci, initialement pr\u00e9vue au CNES, aura lieu \u00e0 la <b>MAISON DES OCEANS\/INSTITUT OCEANOGRAPHIQUE \u2013 195 rue Saint-Jacques 75005 PARIS (RER B \u2013 Station Luxembourg). <\/b>\u2013 La date d\u2019inscription sur le site a \u00e9t\u00e9 prolong\u00e9e au 30 octobre 2013 &#8211; <a href=\"http:\/\/www.insu.cnrs.fr\/www\/workshopPNTS2013\" target=\"_blank\">http:\/\/www.insu.cnrs.fr\/www\/workshopPNTS2013<\/a>.<\/p>\n<p style=\"text-align: justify;\">Pour rappel, la journ\u00e9e s&#8217;articulera autour de 6 pr\u00e9sentations invit\u00e9es de 30 min permettant aux participants d&#8217;\u00e9changer sur leurs exp\u00e9riences, d&#8217;identifier les d\u00e9fis scientifiques \u00e0 relever, de pr\u00e9senter les techniques employ\u00e9es et de discuter des derni\u00e8res avanc\u00e9es dans les domaines concern\u00e9s. L&#8217;objectif de cette journ\u00e9e est que l&#8217;interaction pluridisciplinaire puisse permettre \u00e0 terme d&#8217;accro\u00eetre les performances des m\u00e9thodes existantes dans chaque domaine respectif de la communaut\u00e9.<\/p>\n<p style=\"text-align: justify;\">Bien cordialement,<\/p>\n<p style=\"text-align: justify;\">Le Comit\u00e9 Scientifique du PNTS<br \/>\n<i>Pascal Allemand, S\u00e9verine Alvain, Malik Chami, Eric Defer, Pascale Dubois-Fernandez, Cyrille Flamant, Fatima Karbou, Laurent Kergoat, Rodolphe Marion, Albert Olioso, J\u00e9r\u00f4me Riedi, Christophe Vigny<br \/>\n<\/i><\/p>\n","protected":false},"excerpt":{"rendered":"<p>Cher(e)s coll\u00e8gues, Comme vous le savez, le Programme National de T\u00e9l\u00e9d\u00e9tection Spatiale organise le 14 novembre 2013 de 9h \u00e0 17h30 sa 2\u00e8me journ\u00e9e th\u00e9matique consacr\u00e9e \u00e0 \u00ab\u00a0la synergie innovante entre capteurs de t\u00e9l\u00e9d\u00e9tection spatiale\u00a0\u00bb dans le but de favoriser les \u00e9changes entre chercheurs sur cette th\u00e9matique pluridisciplinaire prometteuse. Veuillez noter que celle-ci, initialement pr\u00e9vue &hellip; <\/p>\n<p class=\"link-more\"><a href=\"https:\/\/www.sfpt.fr\/hyperspectral\/?p=738\" class=\"more-link\">Continuer la lecture<span class=\"screen-reader-text\"> de &laquo;&nbsp;IMPORTANT \u2013 Changement de lieu et prolongation d\u2019inscription pour la 2\u00e8me journ\u00e9e th\u00e9matique du PNTS du 14 novembre 2013&nbsp;&raquo;<\/span><\/a><\/p>\n","protected":false},"author":1,"featured_media":0,"comment_status":"closed","ping_status":"open","sticky":false,"template":"","format":"standard","meta":{"_s2mail":"yes","footnotes":""},"categories":[4],"tags":[],"class_list":["post-738","post","type-post","status-publish","format-standard","hentry","category-annonces"],"_links":{"self":[{"href":"https:\/\/www.sfpt.fr\/hyperspectral\/index.php?rest_route=\/wp\/v2\/posts\/738","targetHints":{"allow":["GET"]}}],"collection":[{"href":"https:\/\/www.sfpt.fr\/hyperspectral\/index.php?rest_route=\/wp\/v2\/posts"}],"about":[{"href":"https:\/\/www.sfpt.fr\/hyperspectral\/index.php?rest_route=\/wp\/v2\/types\/post"}],"author":[{"embeddable":true,"href":"https:\/\/www.sfpt.fr\/hyperspectral\/index.php?rest_route=\/wp\/v2\/users\/1"}],"replies":[{"embeddable":true,"href":"https:\/\/www.sfpt.fr\/hyperspectral\/index.php?rest_route=%2Fwp%2Fv2%2Fcomments&post=738"}],"version-history":[{"count":2,"href":"https:\/\/www.sfpt.fr\/hyperspectral\/index.php?rest_route=\/wp\/v2\/posts\/738\/revisions"}],"predecessor-version":[{"id":740,"href":"https:\/\/www.sfpt.fr\/hyperspectral\/index.php?rest_route=\/wp\/v2\/posts\/738\/revisions\/740"}],"wp:attachment":[{"href":"https:\/\/www.sfpt.fr\/hyperspectral\/index.php?rest_route=%2Fwp%2Fv2%2Fmedia&parent=738"}],"wp:term":[{"taxonomy":"category","embeddable":true,"href":"https:\/\/www.sfpt.fr\/hyperspectral\/index.php?rest_route=%2Fwp%2Fv2%2Fcategories&post=738"},{"taxonomy":"post_tag","embeddable":true,"href":"https:\/\/www.sfpt.fr\/hyperspectral\/index.php?rest_route=%2Fwp%2Fv2%2Ftags&post=738"}],"curies":[{"name":"wp","href":"https:\/\/api.w.org\/{rel}","templated":true}]}}